{"id":3194,"date":"2020-06-19T07:57:08","date_gmt":"2020-06-19T07:57:08","guid":{"rendered":"http:\/\/blog.torello.com\/?p=3194"},"modified":"2023-07-03T11:46:22","modified_gmt":"2023-07-03T11:46:22","slug":"jornadas-de-meditacion-entre-vinas-en-torello","status":"publish","type":"post","link":"http:\/\/blog.torello.com\/?p=3194","title":{"rendered":"Jornadas de meditaci\u00f3n entre vi\u00f1as en Torell\u00f3"},"content":{"rendered":"\n<figure class=\"wp-block-image\"><img loading=\"lazy\" decoding=\"async\" width=\"500\" height=\"676\" src=\"http:\/\/blog.torello.com\/wp-content\/uploads\/2020\/06\/2.jpg\" alt=\"\" class=\"wp-image-3195\" srcset=\"http:\/\/blog.torello.com\/wp-content\/uploads\/2020\/06\/2.jpg 500w, http:\/\/blog.torello.com\/wp-content\/uploads\/2020\/06\/2-222x300.jpg 222w\" sizes=\"auto, (max-width: 500px) 100vw, 500px\" \/><\/figure>\n\n\n\n<p>A partir de este 18 de julio, en Torello realizaremos, de manera mensual,  jornadas de meditacion y relajacion entre vi\u00f1as. Las sesiones se llevaran a cabo en nuestra finca ecologica de Can Marti y con ellas buscamos crear nuevas experiencias de bienestar personal, uniendo la practica meditativa, la naturaleza y el vino.<\/p>\n\n\n\n<p>Las jornadas empezaran a las 9 de la ma\u00f1ana y se alargaran hasta el mediodia. Las sesiones terminaran con una visita a la bodega y cavas subterraneas. El colofon final se llevara a cabo con la cata de nuestros espumosos y vinos mas emblematicos. <\/p>\n\n\n\n<p>Entre los objetivos de las sesiones\nde \u201cmeditacion entre vi\u00f1as\u201d estan el conocer las principales causas del estres\ny la ansiedad,&nbsp; educar la atencion\nconsciente, serenar los pensamientos y acceder a la tranquilidad y el bienestar\nmental e interior, mediante diferentes entrenamientos y practicas basadas en la\nconsciencia plena o <em>mindfulness.<\/em><\/p>\n\n\n\n<p>Con esta iniciativa queremos acercar a las personas los beneficios de la meditacion con el contacto con la naturaleza, la ecologia y las percepciones sensoriales que proporciona el vino, permitiendo a los asistentes relajarse en un entorno natural privilegiado como es el de los vi\u00f1edos y bosques de nuestra finca. Las personas interesadas pueden informarse, ver el programa y apuntarse accediendo al <a href=\"https:\/\/bit.ly\/2N5xps3\">enlace<\/a>\u00a0 (<a href=\"https:\/\/bit.ly\/2N5xps3\">https:\/\/bit.ly\/2N5xps3<\/a>), via mail -maria@torello.es- o llamando al 93 891 07 93. <\/p>\n\n\n\n<figure class=\"wp-block-image\"><img decoding=\"async\" src=\"http:\/\/blog.torello.com\/wp-content\/uploads\/2020\/06\/Torello-Can-Marti-de-Baix-1024x649.jpg\" alt=\"\" class=\"wp-image-3196\"\/><\/figure>\n\n\n\n<p>A partir d&#8217;aquest 18 de juliol realitzarem, de manera mensual, jornades de meditacio i relaxacio entre vinyes. Les sessions es duran a terme a la nostra finca ecologica de Can Marti i amb elles busquen crear noves experiencies de benestar personal, unint la practica meditativa, la natura i el vi.<\/p>\n\n\n\n<p>Les jornades comencaran a les 9 del mati i s&#8217;allargaran fins al migdia. Les sessions acabaran amb una visita al celler i caves subterranies. El colofo final es dura a terme amb el tast dels nostres escumosos i vins mes emblematics.<\/p>\n\n\n\n<p>Entre els objectius de les sessions\nde \u201cmeditacio entre vinyes\u201d estan el coneixer les principals causes de l&#8217;estres\ni l&#8217;ansietat, educar l&#8217;atencio conscient, asserenar els pensaments i accedir a\nla tranquil\u00b7litat i el benestar mental i interior, mitjancant diferents\nentrenaments i practiques basades en la consciencia plena o&nbsp;<em>mindfulness.<\/em><\/p>\n\n\n\n<p>Amb aquesta iniciativa volem acostar a les persones els beneficis de la meditacio amb el contacte amb la natura, l&#8217;ecologia i les percepcions sensorials que proporciona el vi, permetent als assistents relaxar-se en un entorn natural privilegiat com es el de les vinyes i boscos de la nostra finca.<\/p>\n\n\n\n<p>Les persones interessades poden\ninformar-se, veure el programa i apuntar-se accedint a <a href=\"https:\/\/bit.ly\/2N5xps3\">l\u2019enllac<\/a> (<a href=\"https:\/\/bit.ly\/2N5xps3\">https:\/\/bit.ly\/2N5xps3<\/a>), via mail (maria@torello.es) o\ntrucant al 93 891 07 93.<\/p>\n\n\n\n<p><\/p>\n","protected":false},"excerpt":{"rendered":"<p>A partir de este 18 de julio, en Torello realizaremos, de manera mensual, jornadas de meditacion y relajacion entre vi\u00f1as. Las sesiones se llevaran a cabo en nuestra finca ecologica de Can Marti y con ellas buscamos crear nuevas experiencias &hellip; <a href=\"http:\/\/blog.torello.com\/?p=3194\">Sigue leyendo <span class=\"meta-nav\">&rarr;<\/span><\/a><\/p>\n","protected":false},"author":1,"featured_media":0,"comment_status":"open","ping_status":"open","sticky":false,"template":"","format":"standard","meta":{"footnotes":""},"categories":[1],"tags":[374,377,80,121,372,376,375,269,245,373,369,367,371,91,370,283,56,271,159,81,270],"class_list":["post-3194","post","type-post","status-publish","format-standard","hentry","category-sin-categoria","tag-atencion-plena","tag-benestar","tag-bodega","tag-cata","tag-cata-de-vinos","tag-cavas","tag-caves","tag-celler","tag-ecologia","tag-meditacio","tag-meditacion","tag-mindfulness","tag-naturaleza","tag-penedes","tag-relajacion","tag-tast","tag-torello","tag-vinas","tag-vinos","tag-vins","tag-vinyes"],"_links":{"self":[{"href":"http:\/\/blog.torello.com\/index.php?rest_route=\/wp\/v2\/posts\/3194","targetHints":{"allow":["GET"]}}],"collection":[{"href":"http:\/\/blog.torello.com\/index.php?rest_route=\/wp\/v2\/posts"}],"about":[{"href":"http:\/\/blog.torello.com\/index.php?rest_route=\/wp\/v2\/types\/post"}],"author":[{"embeddable":true,"href":"http:\/\/blog.torello.com\/index.php?rest_route=\/wp\/v2\/users\/1"}],"replies":[{"embeddable":true,"href":"http:\/\/blog.torello.com\/index.php?rest_route=%2Fwp%2Fv2%2Fcomments&post=3194"}],"version-history":[{"count":1,"href":"http:\/\/blog.torello.com\/index.php?rest_route=\/wp\/v2\/posts\/3194\/revisions"}],"predecessor-version":[{"id":3197,"href":"http:\/\/blog.torello.com\/index.php?rest_route=\/wp\/v2\/posts\/3194\/revisions\/3197"}],"wp:attachment":[{"href":"http:\/\/blog.torello.com\/index.php?rest_route=%2Fwp%2Fv2%2Fmedia&parent=3194"}],"wp:term":[{"taxonomy":"category","embeddable":true,"href":"http:\/\/blog.torello.com\/index.php?rest_route=%2Fwp%2Fv2%2Fcategories&post=3194"},{"taxonomy":"post_tag","embeddable":true,"href":"http:\/\/blog.torello.com\/index.php?rest_route=%2Fwp%2Fv2%2Ftags&post=3194"}],"curies":[{"name":"wp","href":"https:\/\/api.w.org\/{rel}","templated":true}]}}