{"id":413,"date":"2012-01-18T08:40:47","date_gmt":"2012-01-18T08:40:47","guid":{"rendered":"http:\/\/www.torello.com\/blog\/?p=413"},"modified":"2023-07-03T11:45:58","modified_gmt":"2023-07-03T11:45:58","slug":"las-barracas-de-vina","status":"publish","type":"post","link":"http:\/\/blog.torello.com\/?p=413","title":{"rendered":"Las barracas de vi\u00f1a"},"content":{"rendered":"<p>Estamos restaurando una barraca de vi\u00f1a en nuestra finca de <strong>Can Marti<\/strong> \u00a0para poder ser visitada en una ruta a pie \u00a0y hacerse una idea del uso que ha tenido tradicionalmente.<\/p>\n<p>Concretamente la barraca esta situada en un camino que comunica las dos Masias de nuestra finca , entre vi\u00f1as , junto a una fuente de agua.Se trata de la barraca de piedra seca de la vi\u00f1a del\u00a0 Potagros.<\/p>\n<p><a href=\"http:\/\/www.torello.com\/blog\/wp-content\/uploads\/2012\/01\/DSC_3034.jpg\"><img loading=\"lazy\" decoding=\"async\" class=\"aligncenter size-large wp-image-414\" title=\"DSC_3034\" src=\"http:\/\/www.torello.com\/blog\/wp-content\/uploads\/2012\/01\/DSC_3034-1024x680.jpg\" alt=\"\" width=\"584\" height=\"387\" srcset=\"http:\/\/blog.torello.com\/wp-content\/uploads\/2012\/01\/DSC_3034-1024x680.jpg 1024w, http:\/\/blog.torello.com\/wp-content\/uploads\/2012\/01\/DSC_3034-300x199.jpg 300w, http:\/\/blog.torello.com\/wp-content\/uploads\/2012\/01\/DSC_3034-451x300.jpg 451w\" sizes=\"auto, (max-width: 584px) 100vw, 584px\" \/><\/a><\/p>\n<p>La barraca de vi\u00f1a es una peque\u00f1a construccion de piedra seca que servia de refugio a los agricultores para resguardarse de la lluvia y tambien para guardar los aperos de su trabajo diario. Las piedras estan encajadas unas con otras , sin cementos ni argamasas. Las hay de diferentes tama\u00f1os y conforman el paisaje de muchos territorios de Catalu\u00f1a.Nuestrabarraca es peque\u00f1a , la entrada es muy bajita y el interior es angosto.Caben unas cuatro personas sentadas y la altura maxima es de 1.70 m<\/p>\n<p>Vale la pena una visita!<\/p>\n","protected":false},"excerpt":{"rendered":"<p>Estamos restaurando una barraca de vi\u00f1a en nuestra finca de Can Marti \u00a0para poder ser visitada en una ruta a pie \u00a0y hacerse una idea del uso que ha tenido tradicionalmente. Concretamente la barraca esta situada en un camino que &hellip; <a href=\"http:\/\/blog.torello.com\/?p=413\">Sigue leyendo <span class=\"meta-nav\">&rarr;<\/span><\/a><\/p>\n","protected":false},"author":1,"featured_media":0,"comment_status":"open","ping_status":"open","sticky":false,"template":"","format":"standard","meta":{"footnotes":""},"categories":[23],"tags":[55],"class_list":["post-413","post","type-post","status-publish","format-standard","hentry","category-miscelanea","tag-miscelanea"],"_links":{"self":[{"href":"http:\/\/blog.torello.com\/index.php?rest_route=\/wp\/v2\/posts\/413","targetHints":{"allow":["GET"]}}],"collection":[{"href":"http:\/\/blog.torello.com\/index.php?rest_route=\/wp\/v2\/posts"}],"about":[{"href":"http:\/\/blog.torello.com\/index.php?rest_route=\/wp\/v2\/types\/post"}],"author":[{"embeddable":true,"href":"http:\/\/blog.torello.com\/index.php?rest_route=\/wp\/v2\/users\/1"}],"replies":[{"embeddable":true,"href":"http:\/\/blog.torello.com\/index.php?rest_route=%2Fwp%2Fv2%2Fcomments&post=413"}],"version-history":[{"count":2,"href":"http:\/\/blog.torello.com\/index.php?rest_route=\/wp\/v2\/posts\/413\/revisions"}],"predecessor-version":[{"id":3752,"href":"http:\/\/blog.torello.com\/index.php?rest_route=\/wp\/v2\/posts\/413\/revisions\/3752"}],"wp:attachment":[{"href":"http:\/\/blog.torello.com\/index.php?rest_route=%2Fwp%2Fv2%2Fmedia&parent=413"}],"wp:term":[{"taxonomy":"category","embeddable":true,"href":"http:\/\/blog.torello.com\/index.php?rest_route=%2Fwp%2Fv2%2Fcategories&post=413"},{"taxonomy":"post_tag","embeddable":true,"href":"http:\/\/blog.torello.com\/index.php?rest_route=%2Fwp%2Fv2%2Ftags&post=413"}],"curies":[{"name":"wp","href":"https:\/\/api.w.org\/{rel}","templated":true}]}}