{"id":754,"date":"2012-05-23T16:04:14","date_gmt":"2012-05-23T16:04:14","guid":{"rendered":"http:\/\/www.torello.com\/blog\/?p=754"},"modified":"2023-07-03T11:46:00","modified_gmt":"2023-07-03T11:46:00","slug":"asistimos-a-la-gala-del-catala-de-lany-en-barcelona","status":"publish","type":"post","link":"http:\/\/blog.torello.com\/?p=754","title":{"rendered":"Asistimos a la Gala del Catal\u00e0 de l\u2019Any en Barcelona"},"content":{"rendered":"<p>Ayer asistimos en el Teatre Nacional de Catalunya a la Gala del <strong>\u00a0Catal\u00e0 de l\u2019Any<\/strong> organizada por <strong>el Peri\u00f3dico<\/strong> .El popular periodista <strong>Joaqu\u00edm Maria Puyal<\/strong>\u00a0 fue nombrado Catal\u00e0 de l\u2019Any\u00a0 y aprovechamos esta ocasi\u00f3n para darle la<br \/>\nenhorabuena. La Gala fu\u00e9 seguida de un evento gastron\u00f3mico por todo lo alto,<br \/>\ncoordinado de manera estupenda por el <strong>grup gsr<\/strong> , denominado <strong>El sopar de l\u2019Any<\/strong>.Primero un bufet espl\u00e9ndido en el que primeras marcas de alimentaci\u00f3n ofrecieron los mejores foie gras,embutidos,anchoas,jam\u00f3n,quesos y ahumados seguido de una serie de platillos cocinados por muchos de los <strong>mejores restaurantes de Catalunya<\/strong>.<\/p>\n\n\t\t<style type=\"text\/css\">\n\t\t\t#gallery-1 {\n\t\t\t\tmargin: auto;\n\t\t\t}\n\t\t\t#gallery-1 .gallery-item {\n\t\t\t\tfloat: left;\n\t\t\t\tmargin-top: 10px;\n\t\t\t\ttext-align: center;\n\t\t\t\twidth: 33%;\n\t\t\t}\n\t\t\t#gallery-1 img {\n\t\t\t\tborder: 2px solid #cfcfcf;\n\t\t\t}\n\t\t\t#gallery-1 .gallery-caption {\n\t\t\t\tmargin-left: 0;\n\t\t\t}\n\t\t\t\/* see gallery_shortcode() in wp-includes\/media.php *\/\n\t\t<\/style>\n\t\t<div id='gallery-1' class='gallery galleryid-754 gallery-columns-3 gallery-size-thumbnail'><dl class='gallery-item'>\n\t\t\t<dt class='gallery-icon landscape'>\n\t\t\t\t<a href='http:\/\/blog.torello.com\/?attachment_id=755'><img loading=\"lazy\" decoding=\"async\" width=\"150\" height=\"150\" src=\"http:\/\/blog.torello.com\/wp-content\/uploads\/2012\/05\/DSC_4977-150x150.jpg\" class=\"attachment-thumbnail size-thumbnail\" alt=\"\" \/><\/a>\n\t\t\t<\/dt><\/dl><dl class='gallery-item'>\n\t\t\t<dt class='gallery-icon landscape'>\n\t\t\t\t<a href='http:\/\/blog.torello.com\/?attachment_id=756'><img loading=\"lazy\" decoding=\"async\" width=\"150\" height=\"150\" src=\"http:\/\/blog.torello.com\/wp-content\/uploads\/2012\/05\/DSC_5123-150x150.jpg\" class=\"attachment-thumbnail size-thumbnail\" alt=\"\" \/><\/a>\n\t\t\t<\/dt><\/dl><dl class='gallery-item'>\n\t\t\t<dt class='gallery-icon landscape'>\n\t\t\t\t<a href='http:\/\/blog.torello.com\/?attachment_id=757'><img loading=\"lazy\" decoding=\"async\" width=\"150\" height=\"150\" src=\"http:\/\/blog.torello.com\/wp-content\/uploads\/2012\/05\/DSC_5176-150x150.jpg\" class=\"attachment-thumbnail size-thumbnail\" alt=\"\" \/><\/a>\n\t\t\t<\/dt><\/dl><br style=\"clear: both\" \/>\n\t\t<\/div>\n\n<p>Acudieron a la cita una aut\u00e9ntica constelaci\u00f3n de cocineros estrella , <strong>Albert y Ferr\u00e0n Adri\u00e0<\/strong>, <strong>Carme Ruscalleda, Joan Roca,Fina Puigdevall,Mey Hofmann, Nandu Jubany ,Paco P\u00e9rez,Carles<\/strong> <strong>Gaig y Carles Tejedor<\/strong>,todos cocinando para m\u00e1s de 500 personas.<\/p>\n<p>Nuestro cava <strong>Torell\u00f3 3D by Custo<\/strong> fue uno de los vinos que regaron los platos de<br \/>\narroz, carne y pescado.En la barra , los camareros nos comentaron que las 36<br \/>\nbotellas que llevamos \u201cvolaron\u201d en una hora\u2026..<\/p>\n","protected":false},"excerpt":{"rendered":"<p>Ayer asistimos en el Teatre Nacional de Catalunya a la Gala del \u00a0Catal\u00e0 de l\u2019Any organizada por el Peri\u00f3dico .El popular periodista Joaqu\u00edm Maria Puyal\u00a0 fue nombrado Catal\u00e0 de l\u2019Any\u00a0 y aprovechamos esta ocasi\u00f3n para darle la enhorabuena. La Gala &hellip; <a href=\"http:\/\/blog.torello.com\/?p=754\">Sigue leyendo <span class=\"meta-nav\">&rarr;<\/span><\/a><\/p>\n","protected":false},"author":1,"featured_media":0,"comment_status":"open","ping_status":"open","sticky":false,"template":"","format":"standard","meta":{"footnotes":""},"categories":[26],"tags":[57],"class_list":["post-754","post","type-post","status-publish","format-standard","hentry","category-eventos","tag-eventos"],"_links":{"self":[{"href":"http:\/\/blog.torello.com\/index.php?rest_route=\/wp\/v2\/posts\/754","targetHints":{"allow":["GET"]}}],"collection":[{"href":"http:\/\/blog.torello.com\/index.php?rest_route=\/wp\/v2\/posts"}],"about":[{"href":"http:\/\/blog.torello.com\/index.php?rest_route=\/wp\/v2\/types\/post"}],"author":[{"embeddable":true,"href":"http:\/\/blog.torello.com\/index.php?rest_route=\/wp\/v2\/users\/1"}],"replies":[{"embeddable":true,"href":"http:\/\/blog.torello.com\/index.php?rest_route=%2Fwp%2Fv2%2Fcomments&post=754"}],"version-history":[{"count":4,"href":"http:\/\/blog.torello.com\/index.php?rest_route=\/wp\/v2\/posts\/754\/revisions"}],"predecessor-version":[{"id":3709,"href":"http:\/\/blog.torello.com\/index.php?rest_route=\/wp\/v2\/posts\/754\/revisions\/3709"}],"wp:attachment":[{"href":"http:\/\/blog.torello.com\/index.php?rest_route=%2Fwp%2Fv2%2Fmedia&parent=754"}],"wp:term":[{"taxonomy":"category","embeddable":true,"href":"http:\/\/blog.torello.com\/index.php?rest_route=%2Fwp%2Fv2%2Fcategories&post=754"},{"taxonomy":"post_tag","embeddable":true,"href":"http:\/\/blog.torello.com\/index.php?rest_route=%2Fwp%2Fv2%2Ftags&post=754"}],"curies":[{"name":"wp","href":"https:\/\/api.w.org\/{rel}","templated":true}]}}