{"id":928,"date":"2012-08-22T09:38:37","date_gmt":"2012-08-22T09:38:37","guid":{"rendered":"http:\/\/www.torello.com\/blog\/?p=928"},"modified":"2023-07-03T11:46:02","modified_gmt":"2023-07-03T11:46:02","slug":"la-vendimia-2012-en-can-marti-cavas-torello","status":"publish","type":"post","link":"http:\/\/blog.torello.com\/?p=928","title":{"rendered":"La vendimia 2012 en Can Mart\u00ed- Cavas Torell\u00f3"},"content":{"rendered":"<p>Un a\u00f1o mas una vendimia adelantada nos ha hecho volver antes de la playa, y es que la naturaleza no entiende de vacaciones.El cambio climatico del que tanto se habla ultimamente implica que las graduaciones suben y que haya que vendimiar antes.Tras unos meses de sequia\u00a0 la primera semana de Agosto, el dia 7, recibimos en nuestra finca de <strong>Can Marti<\/strong> una tormenta que nos dejo 39 litros por metro cuadrado, lluvia que ha contribuido notablemente a la evolucion de los frutos.<\/p>\n<p><a href=\"http:\/\/www.torello.com\/blog\/wp-content\/uploads\/2012\/08\/PACO-VINYA.jpg\"><img loading=\"lazy\" decoding=\"async\" class=\"aligncenter size-large wp-image-929\" title=\"PACO VINYA\" src=\"http:\/\/www.torello.com\/blog\/wp-content\/uploads\/2012\/08\/PACO-VINYA-764x1024.jpg\" alt=\"\" width=\"584\" height=\"782\" srcset=\"http:\/\/blog.torello.com\/wp-content\/uploads\/2012\/08\/PACO-VINYA-764x1024.jpg 764w, http:\/\/blog.torello.com\/wp-content\/uploads\/2012\/08\/PACO-VINYA-224x300.jpg 224w, http:\/\/blog.torello.com\/wp-content\/uploads\/2012\/08\/PACO-VINYA.jpg 968w\" sizes=\"auto, (max-width: 584px) 100vw, 584px\" \/><\/a><\/p>\n<p>El 13 de Agosto ha sido el primer dia de vendimia, concretamente de las variedades Pinot Noir y Chardonnay, y empezamos bien temprano para aprovechar las temperaturas mas bajas.En general se observa una menor cantidad de uva por cepa en casi todas las variedades.<\/p>\n<p><a href=\"http:\/\/www.torello.com\/blog\/wp-content\/uploads\/2012\/08\/foto-blog-verema.jpg\"><img loading=\"lazy\" decoding=\"async\" class=\"aligncenter size-large wp-image-930\" title=\"foto blog verema\" src=\"http:\/\/www.torello.com\/blog\/wp-content\/uploads\/2012\/08\/foto-blog-verema-764x1024.jpg\" alt=\"\" width=\"584\" height=\"782\" srcset=\"http:\/\/blog.torello.com\/wp-content\/uploads\/2012\/08\/foto-blog-verema-764x1024.jpg 764w, http:\/\/blog.torello.com\/wp-content\/uploads\/2012\/08\/foto-blog-verema-224x300.jpg 224w, http:\/\/blog.torello.com\/wp-content\/uploads\/2012\/08\/foto-blog-verema.jpg 968w\" sizes=\"auto, (max-width: 584px) 100vw, 584px\" \/><\/a><\/p>\n<p>Ayer empezamos con la primera de las variedades tradicionales del cava, la Macabeo, en un estado sanitario impecable.De la observacion diaria de nuestras vi\u00f1as se llega a la conclusion de que este a\u00f1o la vendimia finalizara antes del 10 de Septiembre,lo nunca visto en cientos de a\u00f1os en nuestra finca.<\/p>\n<p><a href=\"http:\/\/www.torello.com\/blog\/wp-content\/uploads\/2012\/08\/TANCAT-SENGLARS.jpg\"><img loading=\"lazy\" decoding=\"async\" class=\"aligncenter size-large wp-image-931\" title=\"TANCAT SENGLARS\" src=\"http:\/\/www.torello.com\/blog\/wp-content\/uploads\/2012\/08\/TANCAT-SENGLARS-1024x764.jpg\" alt=\"\" width=\"584\" height=\"435\" srcset=\"http:\/\/blog.torello.com\/wp-content\/uploads\/2012\/08\/TANCAT-SENGLARS-1024x764.jpg 1024w, http:\/\/blog.torello.com\/wp-content\/uploads\/2012\/08\/TANCAT-SENGLARS-300x224.jpg 300w, http:\/\/blog.torello.com\/wp-content\/uploads\/2012\/08\/TANCAT-SENGLARS-401x300.jpg 401w, http:\/\/blog.torello.com\/wp-content\/uploads\/2012\/08\/TANCAT-SENGLARS.jpg 1296w\" sizes=\"auto, (max-width: 584px) 100vw, 584px\" \/><\/a><\/p>\n<p>Una novedad que hemos instalado este a\u00f1o en varias vi\u00f1as de Xarel.lo es un cercado electrico que impide el acercamiento del jabali a la cepa y evitar que este ladron nocturno y silencioso se coma los racimos mas dulces.<\/p>\n<p>Asi que un a\u00f1o mas todo parece indicar que tendremos unos mostos que daran como resultado unos excelentes vinos base para elaborar grandes <strong>vinos y<\/strong> <strong>cavas Torello<\/strong>.<\/p>\n","protected":false},"excerpt":{"rendered":"<p>Un a\u00f1o mas una vendimia adelantada nos ha hecho volver antes de la playa, y es que la naturaleza no entiende de vacaciones.El cambio climatico del que tanto se habla ultimamente implica que las graduaciones suben y que haya que &hellip; <a href=\"http:\/\/blog.torello.com\/?p=928\">Sigue leyendo <span class=\"meta-nav\">&rarr;<\/span><\/a><\/p>\n","protected":false},"author":1,"featured_media":0,"comment_status":"open","ping_status":"open","sticky":false,"template":"","format":"standard","meta":{"footnotes":""},"categories":[1],"tags":[46],"class_list":["post-928","post","type-post","status-publish","format-standard","hentry","category-sin-categoria","tag-dia-a-dia-en-torello"],"_links":{"self":[{"href":"http:\/\/blog.torello.com\/index.php?rest_route=\/wp\/v2\/posts\/928","targetHints":{"allow":["GET"]}}],"collection":[{"href":"http:\/\/blog.torello.com\/index.php?rest_route=\/wp\/v2\/posts"}],"about":[{"href":"http:\/\/blog.torello.com\/index.php?rest_route=\/wp\/v2\/types\/post"}],"author":[{"embeddable":true,"href":"http:\/\/blog.torello.com\/index.php?rest_route=\/wp\/v2\/users\/1"}],"replies":[{"embeddable":true,"href":"http:\/\/blog.torello.com\/index.php?rest_route=%2Fwp%2Fv2%2Fcomments&post=928"}],"version-history":[{"count":3,"href":"http:\/\/blog.torello.com\/index.php?rest_route=\/wp\/v2\/posts\/928\/revisions"}],"predecessor-version":[{"id":3686,"href":"http:\/\/blog.torello.com\/index.php?rest_route=\/wp\/v2\/posts\/928\/revisions\/3686"}],"wp:attachment":[{"href":"http:\/\/blog.torello.com\/index.php?rest_route=%2Fwp%2Fv2%2Fmedia&parent=928"}],"wp:term":[{"taxonomy":"category","embeddable":true,"href":"http:\/\/blog.torello.com\/index.php?rest_route=%2Fwp%2Fv2%2Fcategories&post=928"},{"taxonomy":"post_tag","embeddable":true,"href":"http:\/\/blog.torello.com\/index.php?rest_route=%2Fwp%2Fv2%2Ftags&post=928"}],"curies":[{"name":"wp","href":"https:\/\/api.w.org\/{rel}","templated":true}]}}